{"id":2141,"date":"2025-10-23T18:12:00","date_gmt":"2025-10-23T16:12:00","guid":{"rendered":"https:\/\/vansaalbach.de\/?p=2141"},"modified":"2025-10-25T11:06:23","modified_gmt":"2025-10-25T09:06:23","slug":"wie-ki-unsere-gesellschaft-veraendern-wird","status":"publish","type":"post","link":"https:\/\/vansaalbach.de\/en\/blog\/wie-ki-unsere-gesellschaft-veraendern-wird\/","title":{"rendered":"How AI will change our society"},"content":{"rendered":"\n<p>Wir sind mitten in der wahrscheinlich <strong>gr\u00f6\u00dften Revolution<\/strong>, die die Menschheitsgeschichte jemals gesehen hat. Denn mit der ubiquit\u00e4ren Verf\u00fcgbarkeit von k\u00fcnstlicher Intelligenz ver\u00e4ndert sich die Welt unaufhaltsam. Und es wird an uns und unserem Bewusstsein liegen, wie wir diese Ver\u00e4nderung gestalten.<\/p>\n\n\n\n<h3 class=\"wp-block-heading\">Vom Wert des Wissens<\/h3>\n\n\n\n<p>F\u00fcr mich hatte und hat Intelligenz einen enorm hohen Stellenwert in meinem Leben. Ich wurde schon sehr fr\u00fch dahingehend gepr\u00e4gt, dass <strong>nichts so wichtig w\u00e4re wie Wissen.<\/strong> Das hat mir zeitlebens eine ungeheure Neugier vermittelt. Ich wollte immer wissen und verstehen, wie Dinge funktionieren \u2013 Systeme, Technologien, Gesellschaften. Und Menschen.<\/p>\n\n\n\n<p>In vielen Zusammenh\u00e4ngen musste ich jedoch lernen, dass Wissen, Intelligenz und Logik nicht immer und \u00fcberall die oberste Richtschnur sind, von der Erfolg und Entscheidungen abh\u00e4ngen. Sondern dass es h\u00e4ufig auch auf <strong>Charme oder Soft Skills<\/strong> ankommt. Und manchmal auch auf <strong>Macht oder Lautst\u00e4rke<\/strong>. Das f\u00fchrte dann oft nicht zu den besten Ergebnissen f\u00fcr das gesamte System oder meinen Arbeitgeber \u2013 sondern zu einem Ergebnis, das Einzelnen oder einzelnen Strukturen diente.<\/p>\n\n\n\n<h3 class=\"wp-block-heading\">Die leise Revolution der Logik<\/h3>\n\n\n\n<p>Mit dem Eintreten einer allverf\u00fcgbaren Intelligenz wird sich das aber nun ver\u00e4ndern. Davon bin ich \u00fcberzeugt. Wir werden eine Welt erleben, in der nicht mehr die Lautesten oder Aggressivsten den Ton angeben. Weil wir immer und \u00fcberall die M\u00f6glichkeit haben, <strong>Entscheidungen und Gedanken zu hinterfragen.<\/strong> Weil wir sie in Sekundenschnelle mit Intelligenz und Logik anreichern k\u00f6nnen. Weil wir diese F\u00e4higkeit nun buchst\u00e4blich in unserer Hosentasche tragen. Und lernen werden, damit umzugehen, um zu besseren Entscheidungen zu kommen. Nicht zu Lauteren. <\/p>\n\n\n\n<p>Daf\u00fcr aber braucht es ein wesentliches Wesensmerkmal: <strong>Demut.<\/strong><\/p>\n\n\n\n<p>Demut davor, dass es etwas gibt, das mehr wei\u00df, als man als Einzelner jemals wissen kann. Und dass das in Ordnung ist.<\/p>\n\n\n\n<h3 class=\"wp-block-heading\">KI zwischen Wahrscheinlichkeiten und neuen Logiken<\/h3>\n\n\n\n<p>Diese Umstellung ist monumental und in ihrer Gr\u00f6\u00dfe heute kaum abzusch\u00e4tzen. Aktuell arbeiten KI-Systeme vor allem mit <strong>Wahrscheinlichkeiten und erkannten Zusammenh\u00e4ngen in Daten<\/strong>. Gleichzeitig haben die j\u00fcngsten Entwicklungsspr\u00fcnge \u2013 etwa der Wechsel von fr\u00fchen ChatGPT-Versionen hin zu Modellen wie <em>o3<\/em> mit st\u00e4rkerer Einbindung externer Logiken und Werkzeuge \u2013 gezeigt, wie rasant sich das Feld in Richtung vernetzter, begr\u00fcndbarer Entscheidungen bewegt. <\/p>\n\n\n\n<p><strong>Was die n\u00e4chsten Iterationen bringen, ist kaum absehbar<\/strong> \u2013 au\u00dfer, dass der Schritt erneut gr\u00f6\u00dfer ausfallen k\u00f6nnte, als wir erwarten. Und das kann weitreichende Ver\u00e4nderungen mit sich bringen.<\/p>\n\n\n\n<h3 class=\"wp-block-heading\">Wenn Wissen kein Wettbewerb mehr ist<\/h3>\n\n\n\n<p>Unser aktuelles gesellschaftliches System in der westlichen Welt basiert stark auf <strong>Wettbewerb <\/strong>\u2013 im Gro\u00dfen wie im Kleinen. Menschen wollen sich gegen andere behaupten, Unternehmen wollen sich gegen andere Unternehmen durchsetzen. Wenn diese Kompetenz k\u00fcnftig aber nicht mehr als \u201eHerrschaftswissen\u201c in einzelnen Menschen existiert, sondern in eine \u00fcbergeordnete Intelligenz ausgelagert wird, wird der <strong>Wettbewerb um Wissen <\/strong>zunehmend an Bedeutung verlieren.<\/p>\n\n\n\n<p>Diese Gedanken machen vielen Menschen Angst. Es entsteht die <strong>Furcht, selbst obsolet zu werden<\/strong> \u2013 keine Bedeutung mehr in dieser neuen Welt zu haben. Diese Angst ist verst\u00e4ndlich. Gerade Menschen wie mir, f\u00fcr die Intelligenz und Wissen immer ein Distinktionsfaktor waren, macht der Gedanke Angst, dass etwas, was ihnen einen Vorteil gebracht hat, pl\u00f6tzlich nichts mehr wert sein k\u00f6nnte.<\/p>\n\n\n\n<p>Es lohnt sich in meinen Augen aber, das Ganze aus einem anderen Blickwinkel zu betrachten: nicht als Verlust, sondern als Einladung. Als Einladung, uns zu fragen, was an die Stelle tritt. Was wir tun <strong>wollen<\/strong>, wenn wir vieles nicht mehr <strong>m\u00fcssen.<\/strong><\/p>\n\n\n\n<h3 class=\"wp-block-heading\">Die Zukunft geh\u00f6rt der Resonanz<\/h3>\n\n\n\n<p>Darin besteht f\u00fcr mich auch die gr\u00f6\u00dfte Herausforderung, die k\u00fcnstliche Intelligenz mit sich bringt. Wir werden uns auf gesellschaftlicher und philosophischer Ebene \u00fcberlegen m\u00fcssen, was wir Menschen k\u00fcnftig tun <strong>wollen<\/strong>. Vielleicht sogar: <strong>WER wir sein wollen. <\/strong>In einer Zukunft, in der repetitive T\u00e4tigkeiten und Denkaufgaben sukzessive von einer uns \u00fcberlegenen Intelligenz \u00fcbernommen werden k\u00f6nnen.<\/p>\n\n\n\n<p>Dann k\u00f6nnte <strong>Resonanz<\/strong> zum entscheidenden Thema werden.<\/p>\n\n\n\n<p>Ich bin \u00fcberzeugt, dass unsere k\u00fcnftige Aufgabe darin liegt, Resonanz zu erzeugen \u2013 miteinander, <strong>im echten Kontakt<\/strong>. Uns gegenseitig wahrzunehmen: als kreative, f\u00fchlende, sch\u00f6pferische Wesen, die gemeinsam gestalten. Mit einem quasi unersch\u00f6pflichen und wohlwollenden Wissen an unserer Seite.<\/p>\n\n\n\n<p><strong>Genau das ist (und war schon immer) mein Antrieb als Moderator:<\/strong> Gespr\u00e4chsarchitekturen bauen, die Komplexit\u00e4t b\u00e4ndigen und echte Begegnung erm\u00f6glichen \u2013 damit aus Wissen Wirkung wird.<\/p>\n\n\n\n<h3 class=\"wp-block-heading\">Eine neue Bedeutung von Intelligenz<\/h3>\n\n\n\n<p>Dazu aber m\u00fcssen wir unsere Furcht davor \u00fcberwinden, irgendwann und m\u00f6glicherweise schon recht bald nicht mehr die <strong>Krone der Intelligenz<\/strong> zu sein. Und den Mut finden, eine neue <strong>Bedeutung <\/strong>zu entdecken.<\/p>\n\n\n\n<p>Ich betrachte diese Entwicklung mit Spannung. Und mit Freude. Weil ich Ver\u00e4nderung liebe. Und weil ich \u00fcberzeugt bin, dass sie die Menschheit im gro\u00dfen Ma\u00dfstab neu aufstellen wird. Ich bin begeistert, das miterleben und mitgestalten zu d\u00fcrfen.<\/p>\n\n\n\n<p>Daf\u00fcr aber braucht es <strong>Bewusstheit <\/strong>\u2013 die Bewusstheit, dass wir <strong>mehr <\/strong>sind als einfach nur \u201ebesser\u201c als jemand anders.<\/p>\n\n\n\n<h2 class=\"wp-block-heading\">Lust auf mehr? <\/h2>\n\n\n\n<p>Als jemand, der sich aufgrund einer analytischen Psychotherapie in seinem Leben schon sehr intensiv mit Bewusstheit, den eigenen Schw\u00e4chen, der eigenen Bedeutung (und dem Blick darauf) und vor allem der eigenen Geschichte besch\u00e4ftigen durfte, ist es mir ein Anliegen, die Bedeutung der eigenen Bewusstheit f\u00fcr den Umgang mit KI zu erkl\u00e4ren. Darum habe ich zu diesem Thema auch eine eigene Keynote erstellt. Wenn Sie daf\u00fcr eine B\u00fchne haben, dann nehmen Sie doch gerne \u00fcber das unten stehende <a href=\"#kontakt\">Kontaktformular <\/a>Kontakt auf!<\/p>\n\n\n<script type=\"application\/ld+json\">\n{\n  \"@context\": \"https:\/\/schema.org\",\n  \"@type\": \"BlogPosting\",\n  \"@id\": \"https:\/\/vansaalbach.de\/blog\/wie-ki-unsere-gesellschaft-veraendern-wird\/#post\",\n  \"mainEntityOfPage\": {\n    \"@type\": \"WebPage\",\n    \"@id\": \"https:\/\/vansaalbach.de\/blog\/wie-ki-unsere-gesellschaft-veraendern-wird\/\"\n  },\n  \"headline\": \"Wie KI unsere Gesellschaft ver\u00e4ndern wird\",\n  \"alternativeHeadline\": \"Warum k\u00fcnstliche Intelligenz nicht nur Technologie ist, sondern eine gesellschaftliche Herausforderung.\",\n  \"description\": \"Ein pers\u00f6nlicher Blick auf die umfassenden Ver\u00e4nderungen, die KI f\u00fcr unsere Gesellschaft und uns selbst bedeuten wird.\",\n  \"image\": {\n    \"@type\": \"ImageObject\",\n    \"@id\": \"https:\/\/vansaalbach.de\/wp-content\/uploads\/2025\/10\/Term_Ther.jpg\",\n    \"url\": \"https:\/\/vansaalbach.de\/wp-content\/uploads\/2025\/10\/Term_Ther.jpg\"\n  },\n  \"author\": {\n    \"@type\": \"Person\",\n    \"@id\": \"https:\/\/vansaalbach.de\/vita#ferry\",\n    \"name\": \"Ferry van Saalbach\",\n    \"url\": \"https:\/\/vansaalbach.de\/vita#ferry\"\n  },\n  \"publisher\": {\n    \"@id\": \"https:\/\/vansaalbach.de\/vita#organization\"\n  },\n  \"isPartOf\": {\n    \"@type\": \"Blog\",\n    \"@id\": \"https:\/\/vansaalbach.de\/blog\/#blog\"\n  },\n  \"datePublished\": \"2025-10-21T09:00:00+01:00\",\n  \"dateModified\": \"2025-10-21T09:00:00+01:00\",\n  \"inLanguage\": \"de\",\n  \"keywords\": [\n    \"K\u00fcnstliche Intelligenz\",\n    \"Gesellschaft\",\n    \"Technologie\",\n    \"Bewusstsein\",\n    \"Verantwortung\"\n  ],\n  \"articleSection\": \"KI & Gesellschaft\",\n  \"wordcount\": \"1023\"\n}\n<\/script>\n","protected":false},"excerpt":{"rendered":"<p>We are in the midst of what is probably the biggest revolution mankind has ever seen. But what impact will this really have on our society? <\/p>","protected":false},"author":4,"featured_media":2142,"comment_status":"closed","ping_status":"closed","sticky":false,"template":"","format":"standard","meta":{"_acf_changed":false,"footnotes":""},"categories":[12],"tags":[],"class_list":["post-2141","post","type-post","status-publish","format-standard","has-post-thumbnail","hentry","category-ki-gesellschaft"],"acf":[],"yoast_head":"<!-- This site is optimized with the Yoast SEO plugin v27.5 - https:\/\/yoast.com\/product\/yoast-seo-wordpress\/ -->\n<title>Wie KI unsere Gesellschaft ver\u00e4ndern wird - Ferry van Saalbach<\/title>\n<meta name=\"description\" content=\"Wie gestaltet sich das Zusammenspiel von KI und Gesellschaft? Entdecken Sie die Herausforderungen und Potenziale dieser Ver\u00e4nderung.\" \/>\n<meta name=\"robots\" content=\"index, follow, max-snippet:-1, max-image-preview:large, max-video-preview:-1\" \/>\n<link rel=\"canonical\" href=\"https:\/\/vansaalbach.de\/en\/blog\/wie-ki-unsere-gesellschaft-veraendern-wird\/\" \/>\n<meta property=\"og:locale\" content=\"en_US\" \/>\n<meta property=\"og:type\" content=\"article\" \/>\n<meta property=\"og:title\" content=\"Wie KI unsere Gesellschaft ver\u00e4ndern wird - Ferry van Saalbach\" \/>\n<meta property=\"og:description\" content=\"Wie gestaltet sich das Zusammenspiel von KI und Gesellschaft? Entdecken Sie die Herausforderungen und Potenziale dieser Ver\u00e4nderung.\" \/>\n<meta property=\"og:url\" content=\"https:\/\/vansaalbach.de\/en\/blog\/wie-ki-unsere-gesellschaft-veraendern-wird\/\" \/>\n<meta property=\"og:site_name\" content=\"Ferry van Saalbach\" \/>\n<meta property=\"article:published_time\" content=\"2025-10-23T16:12:00+00:00\" \/>\n<meta property=\"article:modified_time\" content=\"2025-10-25T09:06:23+00:00\" \/>\n<meta property=\"og:image\" content=\"https:\/\/vansaalbach.de\/wp-content\/uploads\/2025\/10\/Term_Ther.jpg\" \/>\n\t<meta property=\"og:image:width\" content=\"1280\" \/>\n\t<meta property=\"og:image:height\" content=\"720\" \/>\n\t<meta property=\"og:image:type\" content=\"image\/jpeg\" \/>\n<meta name=\"author\" content=\"Ferry van Saalbach\" \/>\n<meta name=\"twitter:card\" content=\"summary_large_image\" \/>\n<meta name=\"twitter:label1\" content=\"Written by\" \/>\n\t<meta name=\"twitter:data1\" content=\"Ferry van Saalbach\" \/>\n\t<meta name=\"twitter:label2\" content=\"Est. reading time\" \/>\n\t<meta name=\"twitter:data2\" content=\"5 minutes\" \/>\n<!-- \/ Yoast SEO plugin. -->","yoast_head_json":{"title":"Wie KI unsere Gesellschaft ver\u00e4ndern wird - Ferry van Saalbach","description":"Wie gestaltet sich das Zusammenspiel von KI und Gesellschaft? Entdecken Sie die Herausforderungen und Potenziale dieser Ver\u00e4nderung.","robots":{"index":"index","follow":"follow","max-snippet":"max-snippet:-1","max-image-preview":"max-image-preview:large","max-video-preview":"max-video-preview:-1"},"canonical":"https:\/\/vansaalbach.de\/en\/blog\/wie-ki-unsere-gesellschaft-veraendern-wird\/","og_locale":"en_US","og_type":"article","og_title":"Wie KI unsere Gesellschaft ver\u00e4ndern wird - Ferry van Saalbach","og_description":"Wie gestaltet sich das Zusammenspiel von KI und Gesellschaft? Entdecken Sie die Herausforderungen und Potenziale dieser Ver\u00e4nderung.","og_url":"https:\/\/vansaalbach.de\/en\/blog\/wie-ki-unsere-gesellschaft-veraendern-wird\/","og_site_name":"Ferry van Saalbach","article_published_time":"2025-10-23T16:12:00+00:00","article_modified_time":"2025-10-25T09:06:23+00:00","og_image":[{"width":1280,"height":720,"url":"https:\/\/vansaalbach.de\/wp-content\/uploads\/2025\/10\/Term_Ther.jpg","type":"image\/jpeg"}],"author":"Ferry van Saalbach","twitter_card":"summary_large_image","twitter_misc":{"Written by":"Ferry van Saalbach","Est. reading time":"5 minutes"},"schema":{"@context":"https:\/\/schema.org","@graph":[{"@type":"Article","@id":"https:\/\/vansaalbach.de\/blog\/wie-ki-unsere-gesellschaft-veraendern-wird\/#article","isPartOf":{"@id":"https:\/\/vansaalbach.de\/blog\/wie-ki-unsere-gesellschaft-veraendern-wird\/"},"author":{"name":"Ferry van Saalbach","@id":"https:\/\/vansaalbach.de\/#\/schema\/person\/3c94385d8af2ba094a9d2cd50f2eea62"},"headline":"Wie KI unsere Gesellschaft ver\u00e4ndern wird","datePublished":"2025-10-23T16:12:00+00:00","dateModified":"2025-10-25T09:06:23+00:00","mainEntityOfPage":{"@id":"https:\/\/vansaalbach.de\/blog\/wie-ki-unsere-gesellschaft-veraendern-wird\/"},"wordCount":916,"publisher":{"@id":"https:\/\/vansaalbach.de\/#organization"},"image":{"@id":"https:\/\/vansaalbach.de\/blog\/wie-ki-unsere-gesellschaft-veraendern-wird\/#primaryimage"},"thumbnailUrl":"https:\/\/vansaalbach.de\/wp-content\/uploads\/2025\/10\/Term_Ther.jpg","articleSection":["KI &amp; Gesellschaft"],"inLanguage":"en-US"},{"@type":"WebPage","@id":"https:\/\/vansaalbach.de\/blog\/wie-ki-unsere-gesellschaft-veraendern-wird\/","url":"https:\/\/vansaalbach.de\/blog\/wie-ki-unsere-gesellschaft-veraendern-wird\/","name":"Wie KI unsere Gesellschaft ver\u00e4ndern wird - Ferry van Saalbach","isPartOf":{"@id":"https:\/\/vansaalbach.de\/#website"},"primaryImageOfPage":{"@id":"https:\/\/vansaalbach.de\/blog\/wie-ki-unsere-gesellschaft-veraendern-wird\/#primaryimage"},"image":{"@id":"https:\/\/vansaalbach.de\/blog\/wie-ki-unsere-gesellschaft-veraendern-wird\/#primaryimage"},"thumbnailUrl":"https:\/\/vansaalbach.de\/wp-content\/uploads\/2025\/10\/Term_Ther.jpg","datePublished":"2025-10-23T16:12:00+00:00","dateModified":"2025-10-25T09:06:23+00:00","description":"Wie gestaltet sich das Zusammenspiel von KI und Gesellschaft? Entdecken Sie die Herausforderungen und Potenziale dieser Ver\u00e4nderung.","breadcrumb":{"@id":"https:\/\/vansaalbach.de\/blog\/wie-ki-unsere-gesellschaft-veraendern-wird\/#breadcrumb"},"inLanguage":"en-US","potentialAction":[{"@type":"ReadAction","target":["https:\/\/vansaalbach.de\/blog\/wie-ki-unsere-gesellschaft-veraendern-wird\/"]}]},{"@type":"ImageObject","inLanguage":"en-US","@id":"https:\/\/vansaalbach.de\/blog\/wie-ki-unsere-gesellschaft-veraendern-wird\/#primaryimage","url":"https:\/\/vansaalbach.de\/wp-content\/uploads\/2025\/10\/Term_Ther.jpg","contentUrl":"https:\/\/vansaalbach.de\/wp-content\/uploads\/2025\/10\/Term_Ther.jpg","width":1280,"height":720,"caption":"Eine Terminator-Figur und ein Therapeut, die die zwei m\u00f6glichen Gesichter von KI beschreiben sollen und daher jeweils ein ChatGPT-Logo an sich haben."},{"@type":"BreadcrumbList","@id":"https:\/\/vansaalbach.de\/blog\/wie-ki-unsere-gesellschaft-veraendern-wird\/#breadcrumb","itemListElement":[{"@type":"ListItem","position":1,"name":"Startseite","item":"https:\/\/vansaalbach.de\/"},{"@type":"ListItem","position":2,"name":"Wie KI unsere Gesellschaft ver\u00e4ndern wird"}]},{"@type":"WebSite","@id":"https:\/\/vansaalbach.de\/#website","url":"https:\/\/vansaalbach.de\/","name":"Ferry van Saalbach","description":"Moderator for well thought-out business events","publisher":{"@id":"https:\/\/vansaalbach.de\/#organization"},"potentialAction":[{"@type":"SearchAction","target":{"@type":"EntryPoint","urlTemplate":"https:\/\/vansaalbach.de\/?s={search_term_string}"},"query-input":{"@type":"PropertyValueSpecification","valueRequired":true,"valueName":"search_term_string"}}],"inLanguage":"en-US"},{"@type":"Organization","@id":"https:\/\/vansaalbach.de\/#organization","name":"Ferry van Saalbach","url":"https:\/\/vansaalbach.de\/","logo":{"@type":"ImageObject","inLanguage":"en-US","@id":"https:\/\/vansaalbach.de\/#\/schema\/logo\/image\/","url":"https:\/\/vansaalbach.de\/wp-content\/uploads\/2025\/08\/Logo_FvS_quadr.png","contentUrl":"https:\/\/vansaalbach.de\/wp-content\/uploads\/2025\/08\/Logo_FvS_quadr.png","width":500,"height":500,"caption":"Ferry van Saalbach"},"image":{"@id":"https:\/\/vansaalbach.de\/#\/schema\/logo\/image\/"}},{"@type":"Person","@id":"https:\/\/vansaalbach.de\/#\/schema\/person\/3c94385d8af2ba094a9d2cd50f2eea62","name":"Ferry van Saalbach","image":{"@type":"ImageObject","inLanguage":"en-US","@id":"https:\/\/secure.gravatar.com\/avatar\/92e4aebde668886c642ad2aa40bf0516df69ef5df706266da47623907f903d80?s=96&d=mm&r=g","url":"https:\/\/secure.gravatar.com\/avatar\/92e4aebde668886c642ad2aa40bf0516df69ef5df706266da47623907f903d80?s=96&d=mm&r=g","contentUrl":"https:\/\/secure.gravatar.com\/avatar\/92e4aebde668886c642ad2aa40bf0516df69ef5df706266da47623907f903d80?s=96&d=mm&r=g","caption":"Ferry van Saalbach"},"sameAs":["https:\/\/vansaalbach.de\/","https:\/\/www.linkedin.com\/in\/ferry-van-saalbach\/"]}]}},"_links":{"self":[{"href":"https:\/\/vansaalbach.de\/en\/wp-json\/wp\/v2\/posts\/2141","targetHints":{"allow":["GET"]}}],"collection":[{"href":"https:\/\/vansaalbach.de\/en\/wp-json\/wp\/v2\/posts"}],"about":[{"href":"https:\/\/vansaalbach.de\/en\/wp-json\/wp\/v2\/types\/post"}],"author":[{"embeddable":true,"href":"https:\/\/vansaalbach.de\/en\/wp-json\/wp\/v2\/users\/4"}],"replies":[{"embeddable":true,"href":"https:\/\/vansaalbach.de\/en\/wp-json\/wp\/v2\/comments?post=2141"}],"version-history":[{"count":18,"href":"https:\/\/vansaalbach.de\/en\/wp-json\/wp\/v2\/posts\/2141\/revisions"}],"predecessor-version":[{"id":2245,"href":"https:\/\/vansaalbach.de\/en\/wp-json\/wp\/v2\/posts\/2141\/revisions\/2245"}],"wp:featuredmedia":[{"embeddable":true,"href":"https:\/\/vansaalbach.de\/en\/wp-json\/wp\/v2\/media\/2142"}],"wp:attachment":[{"href":"https:\/\/vansaalbach.de\/en\/wp-json\/wp\/v2\/media?parent=2141"}],"wp:term":[{"taxonomy":"category","embeddable":true,"href":"https:\/\/vansaalbach.de\/en\/wp-json\/wp\/v2\/categories?post=2141"},{"taxonomy":"post_tag","embeddable":true,"href":"https:\/\/vansaalbach.de\/en\/wp-json\/wp\/v2\/tags?post=2141"}],"curies":[{"name":"wp","href":"https:\/\/api.w.org\/{rel}","templated":true}]}}