{"id":2147,"date":"2025-10-20T16:19:21","date_gmt":"2025-10-20T14:19:21","guid":{"rendered":"https:\/\/vansaalbach.de\/?p=2147"},"modified":"2026-03-20T13:09:58","modified_gmt":"2026-03-20T12:09:58","slug":"durch-ki-wird-recht-endlich-wieder-gerecht","status":"publish","type":"post","link":"https:\/\/vansaalbach.de\/en\/blog\/durch-ki-wird-recht-endlich-wieder-gerecht\/","title":{"rendered":"AI finally makes justice fair again"},"content":{"rendered":"\n<p>K\u00fcnstliche Intelligenz wird die Art, wie wir mit (rechtlichen) Auseinandersetzungen umgehen, radikal ver\u00e4ndern. Und sie wird \u2013 im besten Fall \u2013 <strong>Machtverh\u00e4ltnisse verschieben<\/strong>. Nicht, weil neue Gesetze geschrieben werden \u2013 sondern weil bestehende Gesetze endlich gleichm\u00e4\u00dfig angewendet werden k\u00f6nnten. Und dadurch f\u00fcr mehr <strong>Gerechtigkeit <\/strong>und in der Folge auch wieder zu mehr <strong>Vertrauen <\/strong>in den Rechtsstaat f\u00fchren werden.<\/p>\n\n\n\n<h3 class=\"wp-block-heading\">Juristische Einsch\u00e4tzung auf Knopfdruck<\/h3>\n\n\n\n<p>Wenn ich heute eine rechtliche Frage habe, die mich besch\u00e4ftigt, dann \u00f6ffne ich ChatGPT, erl\u00e4utere meine Situation, liefere nat\u00fcrlich m\u00f6glichst viel Kontext und bekomme innerhalb weniger Minuten eine <strong>ziemlich pr\u00e4zise Einsch\u00e4tzung.<\/strong> Eine Einsch\u00e4tzung, die mir direkt sagt, welche Rechte ich habe, welche Gesetze betroffen sind, wie ein Gericht voraussichtlich urteilen w\u00fcrde und welche Handlungsoptionen ich jetzt wahrnehmen kann. <\/p>\n\n\n\n<p>Meistens ist das erstmal ein Angebot von ChatGPT, mir ein Schreiben aufzusetzen, mit dem ich der Gegenseite darlege, wie ich die Sache sehe. Und direkt danach das Angebot, eine Dokumentation zu erstellen, die ich dann im n\u00e4chsten Schritt an einen Anwalt weiterleiten k\u00f6nnte.<\/p>\n\n\n\n<p>Damit habe ich eine <strong>juritische Erst-Einsch\u00e4tzung <\/strong>immer griffbereit in der Hosentasche. Ohne, dass ich einen Anwalt anrufen, einen Termin buchen oder eine Erstberatung <strong>bezahlen m\u00fcsste<\/strong>. Und das kann ich <strong>beliebig oft <\/strong>machen. Egal, wie gro\u00df oder klein mir die Sache vorkommen mag, die ich da gerade diskutiere.<\/p>\n\n\n\n<p>F\u00fcr viele Menschen ist und war genau das bisher die gr\u00f6\u00dfte H\u00fcrde: \u00fcberhaupt in Erfahrung zu bringen, ob sie auf irgendetwas <strong>ein Recht haben<\/strong>. Ob es in Ordnung ist, wenn der Vermieter monatelang den Aufzug nicht repariert. Ob eine Beh\u00f6rde einfach eine Entscheidung in die eine oder andere Richtung treffen darf. Ob und welche Einspruchsm\u00f6glichkeiten man hat, wenn ein Unternehmen einem ein bissiges Schreiben schickt.<\/p>\n\n\n\n<p>Viele Menschen <strong>haben bisher h\u00e4ufig klein beigegeben,<\/strong> anstatt ihr Recht einzufordern. Viele haben sogar schon klein beigegeben, bevor sie \u00fcberhaupt nachgeforscht haben, ob und was sie in ihrer jeweiligen Situation tun k\u00f6nnten. Weil sie sich davor gescheut haben, dann einen Anwalt bezahlen zu m\u00fcssen oder vor Gericht gezogen zu werden und ein <strong>teures Verfahren<\/strong> f\u00fchren zu m\u00fcssen.<\/p>\n\n\n\n<p>Wenn ich aber in Zukunft in Sekunden ein rechtlich stichhaltiges Argument formulieren kann, sinkt die Schwelle enorm, mich gegen \u00fcberm\u00e4chtige Gegner zu wehren \u2013 ob das nun eine Gro\u00dfvermietungsgesellschaft wie Vonovia ist oder eine Beh\u00f6rde.<\/p>\n\n\n\n<p>Das Recht wird damit <strong>zug\u00e4nglicher<\/strong>. Und damit auf lange Frist auch <strong>gerechter<\/strong>.<\/p>\n\n\n\n<h3 class=\"wp-block-heading\">Vom Privileg zur Selbstverst\u00e4ndlichkeit<\/h3>\n\n\n\n<p>Juristische Beratung ist in den letzten Jahren und Jahrzehnte immer mehr<strong> zum Privileg geworden.<\/strong> Das Gef\u00fchl, dass man deutlich besere Chancen im Recht hat, wenn man sich einen besseren Anwalt leisten kann, wurde immer pr\u00e4senter. Oder dass man sich die Frage stellen musste, ob man sich \u00fcberhaupt einen Anwalt leisten k\u00f6nnte. Und wer das nicht konnte, der musste oft einfach hinnehmen, was andere entschieden.<\/p>\n\n\n\n<p>K\u00fcnstliche Intelligenz wird diese Schieflage jetzt aber korrigieren. Und damit <strong>demokratisiert <\/strong>sie das <strong>Wissen \u00fcber Rechte<\/strong> und Verfahren.<\/p>\n\n\n\n<p>Denn ein <strong>demokratischer Rechtsstaat <\/strong>lebt davon, dass die Menschen, die in ihm leben, ihre Rechte kennen, anwenden und einfordern.<\/p>\n\n\n\n<h3 class=\"wp-block-heading\">Wenn Recht zur Kulisse wird, gef\u00e4hrdet das die Demokratie<\/h3>\n\n\n\n<p>Unserer Gesetze sind zum allerallergr\u00f6\u00dften Teil wirklich gut. Das Problem ist aber, dass sie in der Praxis viel zu <strong>selten oder sogar schief angewendet<\/strong> werden. Aber nicht, weil der Gesetzgeber versagt h\u00e4tte, sondern weil die Menschen, die von diesen Gesetzen profitieren sollten, oft gar nicht wissen, dass sie sie h\u00e4tten nutzen k\u00f6nnen.<\/p>\n\n\n\n<p>Das hat das System verzerrt. Denn Recht, das nicht wahrgenommen wird, ist kein Recht \u2013 sondern Kulisse.<\/p>\n\n\n\n<p>Und zur Wahrnehmung von Recht geh\u00f6rt eben auch ein <strong>Verst\u00e4ndnis des Rechts<\/strong> und ein <strong>beharrliches Einfordern dessen<\/strong>.<\/p>\n\n\n\n<h3 class=\"wp-block-heading\">Beh\u00f6rden m\u00fcssen daran erinnert werden, den Geist des Gesetzes zu achten <\/h3>\n\n\n\n<p>Wie schnell Recht zur Kulisse wird und der <strong>Geist des Gesetzes <\/strong>(der meistens in den ersten Paragraphen beschrieben wird) durch seine fortdauernde, schiefe Anwendung ad absurdum gef\u00fchrt wird, habe ich am eigenen Leib erfahren, als ich nach l\u00e4ngerer Krankheit auf die Unterst\u00fctzung durch die Deutschen Rentenversicherung angewiesen war. Die Leistungen, die mir seinerzeit zustanden, werden durch das SGB IX beschrieben und wof\u00fcr dieses Gesetz da ist, steht deutlich in den <strong>Allgemeinen Bestimmungen<\/strong> in \u00a7\u00a7 1-8. Die DRV schien das aber nicht zu interessieren und damit widersprach sie eigentlich dem, was in diesem Gesetz steht. Ich habe hier einen <a href=\"https:\/\/ferdinand-saalbach.de\/wie-mich-die-rentenversicherung-fortlaufend-stigmatisiert\/\" target=\"_blank\" rel=\"noreferrer noopener\">Blog-Artikel \u00fcber das Verfahren und seine Hintergr\u00fcnde<\/a> ver\u00f6ffentlicht.<\/p>\n\n\n\n<p>Das passiert nicht nur in meinem spezifischen Fall &#8211; es passiert mit vielen Gesetzen. Damit wir da aber <strong>gesamtgesellschaftlich <\/strong>wieder an einen Punkt kommen, an dem Gesetze das tun, wof\u00fcr sie da sind, n\u00e4mlich: unsere Gesellschaft <strong>gerechter <\/strong>machen, m\u00fcssen wir wieder lernen, unser Recht einzufordern.<\/p>\n\n\n\n<p><strong>K\u00fcnstliche Intelligenz kann und wird dazu beitragen.<\/strong> Indem sie genau diesen Zugang barrierefrei macht, wenn sie Argumentationshilfe leistet, Vorlagen erstellt, Akten interpretiert und Widerspr\u00fcche begr\u00fcndet. Wenn sie uns dabei hilft, darzulegen, was unser Recht ist und wie wir es einfordern k\u00f6nnen. Und dann verschwindet ein Teil dieser Ohnmacht. Dann wird das Recht wieder zu dem, was es sein sollte: ein <strong>Werkzeug f\u00fcr alle.<\/strong> Und das wird der Demokratie, dem Zusammenhalt und dem Glaube an unseren Rechtsstaat enorm gut tun.<\/p>\n\n\n\n<h3 class=\"wp-block-heading\">Bringt die Zukunft schnellere Entscheidungen?<\/h3>\n\n\n\n<p>Ich bin \u00fcberzeugt, dass wir irgendwann auch noch einen gewaltigen Schritt weitergehen werden. N\u00e4mlich dann, wenn KI nicht nur nur Rechtsfragen <strong>einsch\u00e4tzen<\/strong>, sondern in vielen Bereichen auch <strong>entscheiden<\/strong> wird \u2013 zumindest vorentscheiden.<\/p>\n\n\n\n<p>Man stelle sich einfach mal vor, Verkehrsverst\u00f6\u00dfe werden k\u00fcnftig nicht mehr ausschlie\u00dflich von Menschen beurteilt, sondern von Systemen, die Dashcam-Daten automatisch auswerten. Objektiv, nachvollziehbar, ohne pers\u00f6nliche Sympathien oder Tagesform. Und vor allen Dingen: <strong>ohne Wartezeit<\/strong>.<\/p>\n\n\n\n<p>Das klingt im ersten Moment technokratisch \u2013 ist aber im Kern zutiefst gerecht. Und w\u00fcrde dazu beitragen, dass wir wieder sehr viel mehr <strong>Ordnung und R\u00fccksichtnahme <\/strong>auf den Stra\u00dfen h\u00e4tten. Und entsprechend weniger aggressives Verhalten, weniger N\u00f6tigung, weniger Bedr\u00e4ngen, weniger Gefahr und am Ende nat\u00fcrlich vor allen Dingen: weniger Unf\u00e4lle.<\/p>\n\n\n\n<p>Und dieses Beispiel lie\u00dfe sich noch auf so viele weitere Rechtsgebiete ausweiten. Seien es die Beziehungen zwischen Vermieter und Mieter, Beh\u00f6rde und B\u00fcrger, Unternehmen und Kunde Vertragspartnern &#8211; das Feld ist schier unendlich.<\/p>\n\n\n\n<p>Wir haben die Gesetze. Wir haben die Regeln. Woran es heute oft fehlt, ist ihre <strong>konsequente, faire Anwendung.<\/strong><\/p>\n\n\n\n<p>Weil wir daf\u00fcr zu wenig Menschen haben, die sie bearbeiten. Und zu wenige Menschen, die sie einfordern. <\/p>\n\n\n\n<p>Wenn KI hier aber irgendwann mit neutraler Pr\u00e4zision Entscheidungen trifft, kann sie den urspr\u00fcnglichen Geist vieler Gesetze wiederherstellen. Und dann gilt endlich wieder: <strong>gleiches Recht f\u00fcr alle.<\/strong><\/p>\n\n\n\n<h3 class=\"wp-block-heading\">Das Ende der juristischen Einsch\u00fcchterung<\/h3>\n\n\n\n<p>All das bedeutet nicht, dass KI die <strong>Menschlichkeit <\/strong>aus dem Recht verdr\u00e4ngen wird. Das glaube ich nicht und aus heutiger Sicht hoffe ich das auch nicht. Wirkliche und weitreichende <strong>Entscheidungen <\/strong>sollten am Ende immer von Menschen getroffen werden. Zumindest bis die KI eindeutig unter Beweis gestellt hat, dass sie bessere Entscheidungen trifft und die Menschheit dabei nicht sch\u00e4digt. F\u00fcr mich ist das heute aber noch kein Thema.<\/p>\n\n\n\n<p>F\u00fcr mich ist das Thema, dass KI schon sehr schnell und mit dem heutigen Stand dazu beitragen wird, das <strong>Machtgef\u00e4lle<\/strong> im Recht zu verschieben. Sie wird denjenigen <strong>eine Stimme geben,<\/strong> die bisher aus Angst vor Kosten, Aufwand oder Fachbegriffen geschwiegen haben. Und dadurch schleichend immer mehr den Rechtsstaat als Gegner und nicht als Unterst\u00fctzer wahrgenommen haben.<\/p>\n\n\n\n<p>Darum wird genau das am Ende zu mehr gesellschaftlichem Frieden f\u00fchren \u2013 nicht, weil es weniger Konflikte gibt, sondern weil die Konflikte <strong>klarer, schneller und gerechter<\/strong> gel\u00f6st werden.<\/p>\n\n\n\n<h2 class=\"wp-block-heading\">Lust auf mehr? <\/h2>\n\n\n\n<p>Ich stehe mit meinen Erfahrungen zu KI gerne als Keynote-Speaker oder Panel-Teilnehmer zur Verf\u00fcgung. Nutzen Sie gerne das unten stehende <a href=\"#kontakt\">Kontaktformular<\/a>, um in Verbindung zu kommen!<\/p>\n\n\n<script type=\"application\/ld+json\">\n{\n  \"@context\": \"https:\/\/schema.org\",\n  \"@type\": \"BlogPosting\",\n  \"@id\": \"https:\/\/vansaalbach.de\/blog\/durch-ki-wird-recht-endlich-wieder-gerecht\/#post\",\n  \"mainEntityOfPage\": {\n    \"@type\": \"WebPage\",\n    \"@id\": \"https:\/\/vansaalbach.de\/blog\/durch-ki-wird-recht-endlich-wieder-gerecht\/\"\n  },\n  \"headline\": \"Durch KI wird Recht endlich wieder gerecht\",\n  \"alternativeHeadline\": \"Wie k\u00fcnstliche Intelligenz dazu f\u00fchrt, unser Justizsystem und das Verst\u00e4ndnis von Recht in einem demokratischen Rechtsstaat wieder f\u00fcr alle zug\u00e4nglich zu machen.\",\n  \"description\": \"Ein pers\u00f6nlicher Impuls von Ferry van Saalbach dar\u00fcber, wie KI unser Rechtsverst\u00e4ndnis ver\u00e4ndert \u2013 und wie echte Gerechtigkeit erst dann entsteht, wenn die Hemmschwellen f\u00fcr alle Teile der Gesellschaft abnehmen.\",\n  \"image\": {\n    \"@type\": \"ImageObject\",\n    \"@id\": \"https:\/\/vansaalbach.de\/wp-content\/uploads\/2025\/10\/RechtundKI.jpg\",\n    \"url\": \"https:\/\/vansaalbach.de\/wp-content\/uploads\/2025\/10\/RechtundKI.jpg\"\n  },\n  \"author\": {\n    \"@type\": \"Person\",\n    \"@id\": \"https:\/\/vansaalbach.de\/vita#ferry\",\n    \"name\": \"Ferry van Saalbach\",\n    \"url\": \"https:\/\/vansaalbach.de\/vita#ferry\"\n  },\n  \"publisher\": {\n    \"@id\": \"https:\/\/vansaalbach.de\/vita#organization\"\n  },\n  \"isPartOf\": {\n    \"@type\": \"Blog\",\n    \"@id\": \"https:\/\/vansaalbach.de\/blog\/#blog\"\n  },\n  \"about\": [\n    { \"@type\": \"Thing\", \"name\": \"K\u00fcnstliche Intelligenz\" },\n    { \"@type\": \"Thing\", \"name\": \"Recht\" },\n    { \"@type\": \"Thing\", \"name\": \"Gerechtigkeit\" },\n    { \"@type\": \"Thing\", \"name\": \"Ethik\" },\n    { \"@type\": \"Thing\", \"name\": \"Gesellschaft\" }\n  ],\n  \"keywords\": [\n    \"KI und Recht\",\n    \"Gerechtigkeit\",\n    \"Ethik\",\n    \"digitale Transformation\",\n    \"Ferry van Saalbach\"\n  ],\n  \"articleSection\": \"KI & Gesellschaft\",\n  \"datePublished\": \"2025-10-24T09:00:00+01:00\",\n  \"dateModified\": \"2025-10-24T09:00:00+01:00\",\n  \"inLanguage\": \"de\",\n  \"wordcount\": \"980\"\n}\n<\/script>\n\n","protected":false},"excerpt":{"rendered":"<p>AI will soon make our world much fairer - because law will become more and more accessible and available to everyone. This will be a huge step forward for society. <\/p>","protected":false},"author":4,"featured_media":2156,"comment_status":"closed","ping_status":"closed","sticky":false,"template":"","format":"standard","meta":{"_acf_changed":false,"footnotes":""},"categories":[12],"tags":[34,29,15,28,30],"class_list":["post-2147","post","type-post","status-publish","format-standard","has-post-thumbnail","hentry","category-ki-gesellschaft","tag-ai","tag-gerechtigkeit","tag-ki","tag-recht","tag-rechtssystem"],"acf":[],"yoast_head":"<!-- This site is optimized with the Yoast SEO plugin v27.5 - https:\/\/yoast.com\/product\/yoast-seo-wordpress\/ -->\n<title>Durch KI wird Recht endlich wieder gerecht - Ferry van Saalbach<\/title>\n<meta name=\"description\" content=\"Entdecken Sie die Auswirkungen von KI auf Recht und Gerechtigkeit und wie bestehende Gesetze gleichm\u00e4\u00dfiger angewendet werden k\u00f6nnen.\" \/>\n<meta name=\"robots\" content=\"index, follow, max-snippet:-1, max-image-preview:large, max-video-preview:-1\" \/>\n<link rel=\"canonical\" href=\"https:\/\/vansaalbach.de\/en\/blog\/durch-ki-wird-recht-endlich-wieder-gerecht\/\" \/>\n<meta property=\"og:locale\" content=\"en_US\" \/>\n<meta property=\"og:type\" content=\"article\" \/>\n<meta property=\"og:title\" content=\"Durch KI wird Recht endlich wieder gerecht - Ferry van Saalbach\" \/>\n<meta property=\"og:description\" content=\"Entdecken Sie die Auswirkungen von KI auf Recht und Gerechtigkeit und wie bestehende Gesetze gleichm\u00e4\u00dfiger angewendet werden k\u00f6nnen.\" \/>\n<meta property=\"og:url\" content=\"https:\/\/vansaalbach.de\/en\/blog\/durch-ki-wird-recht-endlich-wieder-gerecht\/\" \/>\n<meta property=\"og:site_name\" content=\"Ferry van Saalbach\" \/>\n<meta property=\"article:published_time\" content=\"2025-10-20T14:19:21+00:00\" \/>\n<meta property=\"article:modified_time\" content=\"2026-03-20T12:09:58+00:00\" \/>\n<meta property=\"og:image\" content=\"https:\/\/vansaalbach.de\/wp-content\/uploads\/2025\/10\/RechtundKI.jpg\" \/>\n\t<meta property=\"og:image:width\" content=\"1016\" \/>\n\t<meta property=\"og:image:height\" content=\"678\" \/>\n\t<meta property=\"og:image:type\" content=\"image\/jpeg\" \/>\n<meta name=\"author\" content=\"Ferry van Saalbach\" \/>\n<meta name=\"twitter:card\" content=\"summary_large_image\" \/>\n<meta name=\"twitter:label1\" content=\"Written by\" \/>\n\t<meta name=\"twitter:data1\" content=\"Ferry van Saalbach\" \/>\n\t<meta name=\"twitter:label2\" content=\"Est. reading time\" \/>\n\t<meta name=\"twitter:data2\" content=\"7 minutes\" \/>\n<!-- \/ Yoast SEO plugin. -->","yoast_head_json":{"title":"Durch KI wird Recht endlich wieder gerecht - Ferry van Saalbach","description":"Entdecken Sie die Auswirkungen von KI auf Recht und Gerechtigkeit und wie bestehende Gesetze gleichm\u00e4\u00dfiger angewendet werden k\u00f6nnen.","robots":{"index":"index","follow":"follow","max-snippet":"max-snippet:-1","max-image-preview":"max-image-preview:large","max-video-preview":"max-video-preview:-1"},"canonical":"https:\/\/vansaalbach.de\/en\/blog\/durch-ki-wird-recht-endlich-wieder-gerecht\/","og_locale":"en_US","og_type":"article","og_title":"Durch KI wird Recht endlich wieder gerecht - Ferry van Saalbach","og_description":"Entdecken Sie die Auswirkungen von KI auf Recht und Gerechtigkeit und wie bestehende Gesetze gleichm\u00e4\u00dfiger angewendet werden k\u00f6nnen.","og_url":"https:\/\/vansaalbach.de\/en\/blog\/durch-ki-wird-recht-endlich-wieder-gerecht\/","og_site_name":"Ferry van Saalbach","article_published_time":"2025-10-20T14:19:21+00:00","article_modified_time":"2026-03-20T12:09:58+00:00","og_image":[{"width":1016,"height":678,"url":"https:\/\/vansaalbach.de\/wp-content\/uploads\/2025\/10\/RechtundKI.jpg","type":"image\/jpeg"}],"author":"Ferry van Saalbach","twitter_card":"summary_large_image","twitter_misc":{"Written by":"Ferry van Saalbach","Est. reading time":"7 minutes"},"schema":{"@context":"https:\/\/schema.org","@graph":[{"@type":"Article","@id":"https:\/\/vansaalbach.de\/blog\/durch-ki-wird-recht-endlich-wieder-gerecht\/#article","isPartOf":{"@id":"https:\/\/vansaalbach.de\/blog\/durch-ki-wird-recht-endlich-wieder-gerecht\/"},"author":{"name":"Ferry van Saalbach","@id":"https:\/\/vansaalbach.de\/#\/schema\/person\/3c94385d8af2ba094a9d2cd50f2eea62"},"headline":"Durch KI wird Recht endlich wieder gerecht","datePublished":"2025-10-20T14:19:21+00:00","dateModified":"2026-03-20T12:09:58+00:00","mainEntityOfPage":{"@id":"https:\/\/vansaalbach.de\/blog\/durch-ki-wird-recht-endlich-wieder-gerecht\/"},"wordCount":1313,"publisher":{"@id":"https:\/\/vansaalbach.de\/#organization"},"image":{"@id":"https:\/\/vansaalbach.de\/blog\/durch-ki-wird-recht-endlich-wieder-gerecht\/#primaryimage"},"thumbnailUrl":"https:\/\/vansaalbach.de\/wp-content\/uploads\/2025\/10\/RechtundKI.jpg","keywords":["ai","gerechtigkeit","KI","recht","rechtssystem"],"articleSection":["KI &amp; Gesellschaft"],"inLanguage":"en-US"},{"@type":"WebPage","@id":"https:\/\/vansaalbach.de\/blog\/durch-ki-wird-recht-endlich-wieder-gerecht\/","url":"https:\/\/vansaalbach.de\/blog\/durch-ki-wird-recht-endlich-wieder-gerecht\/","name":"Durch KI wird Recht endlich wieder gerecht - Ferry van Saalbach","isPartOf":{"@id":"https:\/\/vansaalbach.de\/#website"},"primaryImageOfPage":{"@id":"https:\/\/vansaalbach.de\/blog\/durch-ki-wird-recht-endlich-wieder-gerecht\/#primaryimage"},"image":{"@id":"https:\/\/vansaalbach.de\/blog\/durch-ki-wird-recht-endlich-wieder-gerecht\/#primaryimage"},"thumbnailUrl":"https:\/\/vansaalbach.de\/wp-content\/uploads\/2025\/10\/RechtundKI.jpg","datePublished":"2025-10-20T14:19:21+00:00","dateModified":"2026-03-20T12:09:58+00:00","description":"Entdecken Sie die Auswirkungen von KI auf Recht und Gerechtigkeit und wie bestehende Gesetze gleichm\u00e4\u00dfiger angewendet werden k\u00f6nnen.","breadcrumb":{"@id":"https:\/\/vansaalbach.de\/blog\/durch-ki-wird-recht-endlich-wieder-gerecht\/#breadcrumb"},"inLanguage":"en-US","potentialAction":[{"@type":"ReadAction","target":["https:\/\/vansaalbach.de\/blog\/durch-ki-wird-recht-endlich-wieder-gerecht\/"]}]},{"@type":"ImageObject","inLanguage":"en-US","@id":"https:\/\/vansaalbach.de\/blog\/durch-ki-wird-recht-endlich-wieder-gerecht\/#primaryimage","url":"https:\/\/vansaalbach.de\/wp-content\/uploads\/2025\/10\/RechtundKI.jpg","contentUrl":"https:\/\/vansaalbach.de\/wp-content\/uploads\/2025\/10\/RechtundKI.jpg","width":1016,"height":678,"caption":"Eine Waage, die auf der einen Seite ein KI-Symbol und auf der anderen Seite einen Hammer h\u00e4lt."},{"@type":"BreadcrumbList","@id":"https:\/\/vansaalbach.de\/blog\/durch-ki-wird-recht-endlich-wieder-gerecht\/#breadcrumb","itemListElement":[{"@type":"ListItem","position":1,"name":"Startseite","item":"https:\/\/vansaalbach.de\/"},{"@type":"ListItem","position":2,"name":"Durch KI wird Recht endlich wieder gerecht"}]},{"@type":"WebSite","@id":"https:\/\/vansaalbach.de\/#website","url":"https:\/\/vansaalbach.de\/","name":"Ferry van Saalbach","description":"Moderator for well thought-out business events","publisher":{"@id":"https:\/\/vansaalbach.de\/#organization"},"potentialAction":[{"@type":"SearchAction","target":{"@type":"EntryPoint","urlTemplate":"https:\/\/vansaalbach.de\/?s={search_term_string}"},"query-input":{"@type":"PropertyValueSpecification","valueRequired":true,"valueName":"search_term_string"}}],"inLanguage":"en-US"},{"@type":"Organization","@id":"https:\/\/vansaalbach.de\/#organization","name":"Ferry van Saalbach","url":"https:\/\/vansaalbach.de\/","logo":{"@type":"ImageObject","inLanguage":"en-US","@id":"https:\/\/vansaalbach.de\/#\/schema\/logo\/image\/","url":"https:\/\/vansaalbach.de\/wp-content\/uploads\/2025\/08\/Logo_FvS_quadr.png","contentUrl":"https:\/\/vansaalbach.de\/wp-content\/uploads\/2025\/08\/Logo_FvS_quadr.png","width":500,"height":500,"caption":"Ferry van Saalbach"},"image":{"@id":"https:\/\/vansaalbach.de\/#\/schema\/logo\/image\/"}},{"@type":"Person","@id":"https:\/\/vansaalbach.de\/#\/schema\/person\/3c94385d8af2ba094a9d2cd50f2eea62","name":"Ferry van Saalbach","image":{"@type":"ImageObject","inLanguage":"en-US","@id":"https:\/\/secure.gravatar.com\/avatar\/92e4aebde668886c642ad2aa40bf0516df69ef5df706266da47623907f903d80?s=96&d=mm&r=g","url":"https:\/\/secure.gravatar.com\/avatar\/92e4aebde668886c642ad2aa40bf0516df69ef5df706266da47623907f903d80?s=96&d=mm&r=g","contentUrl":"https:\/\/secure.gravatar.com\/avatar\/92e4aebde668886c642ad2aa40bf0516df69ef5df706266da47623907f903d80?s=96&d=mm&r=g","caption":"Ferry van Saalbach"},"sameAs":["https:\/\/vansaalbach.de\/","https:\/\/www.linkedin.com\/in\/ferry-van-saalbach\/"]}]}},"_links":{"self":[{"href":"https:\/\/vansaalbach.de\/en\/wp-json\/wp\/v2\/posts\/2147","targetHints":{"allow":["GET"]}}],"collection":[{"href":"https:\/\/vansaalbach.de\/en\/wp-json\/wp\/v2\/posts"}],"about":[{"href":"https:\/\/vansaalbach.de\/en\/wp-json\/wp\/v2\/types\/post"}],"author":[{"embeddable":true,"href":"https:\/\/vansaalbach.de\/en\/wp-json\/wp\/v2\/users\/4"}],"replies":[{"embeddable":true,"href":"https:\/\/vansaalbach.de\/en\/wp-json\/wp\/v2\/comments?post=2147"}],"version-history":[{"count":18,"href":"https:\/\/vansaalbach.de\/en\/wp-json\/wp\/v2\/posts\/2147\/revisions"}],"predecessor-version":[{"id":2247,"href":"https:\/\/vansaalbach.de\/en\/wp-json\/wp\/v2\/posts\/2147\/revisions\/2247"}],"wp:featuredmedia":[{"embeddable":true,"href":"https:\/\/vansaalbach.de\/en\/wp-json\/wp\/v2\/media\/2156"}],"wp:attachment":[{"href":"https:\/\/vansaalbach.de\/en\/wp-json\/wp\/v2\/media?parent=2147"}],"wp:term":[{"taxonomy":"category","embeddable":true,"href":"https:\/\/vansaalbach.de\/en\/wp-json\/wp\/v2\/categories?post=2147"},{"taxonomy":"post_tag","embeddable":true,"href":"https:\/\/vansaalbach.de\/en\/wp-json\/wp\/v2\/tags?post=2147"}],"curies":[{"name":"wp","href":"https:\/\/api.w.org\/{rel}","templated":true}]}}